{"id":2774,"date":"2022-04-04T14:02:20","date_gmt":"2022-04-04T14:02:20","guid":{"rendered":"https:\/\/seniorcenter.hu\/?p=2774"},"modified":"2022-04-04T14:11:32","modified_gmt":"2022-04-04T14:11:32","slug":"szegedi-10-000-nyugdijas-10-000-lepese","status":"publish","type":"post","link":"https:\/\/seniorcenter.hu\/?p=2774","title":{"rendered":"Szegedi 10.000 nyugd\u00edjas 10.000 l\u00e9p\u00e9se"},"content":{"rendered":"\t\t<div data-elementor-type=\"wp-post\" data-elementor-id=\"2774\" class=\"elementor elementor-2774\">\n\t\t\t\t\t\t\t\t\t<section class=\"elementor-section elementor-top-section elementor-element elementor-element-696625c elementor-section-boxed elementor-section-height-default elementor-section-height-default\" data-id=\"696625c\" data-element_type=\"section\" data-settings=\"{&quot;background_background&quot;:&quot;classic&quot;}\">\n\t\t\t\t\t\t<div class=\"elementor-container elementor-column-gap-default\">\n\t\t\t\t\t<div class=\"elementor-column elementor-col-100 elementor-top-column elementor-element elementor-element-e1c6787\" data-id=\"e1c6787\" data-element_type=\"column\">\n\t\t\t<div class=\"elementor-widget-wrap elementor-element-populated\">\n\t\t\t\t\t\t\t\t<div class=\"elementor-element elementor-element-e504f0f elementor-widget elementor-widget-heading\" data-id=\"e504f0f\" data-element_type=\"widget\" data-widget_type=\"heading.default\">\n\t\t\t\t<div class=\"elementor-widget-container\">\n\t\t\t<style>\/*! elementor - v3.6.1 - 23-03-2022 *\/\n.elementor-heading-title{padding:0;margin:0;line-height:1}.elementor-widget-heading .elementor-heading-title[class*=elementor-size-]>a{color:inherit;font-size:inherit;line-height:inherit}.elementor-widget-heading .elementor-heading-title.elementor-size-small{font-size:15px}.elementor-widget-heading .elementor-heading-title.elementor-size-medium{font-size:19px}.elementor-widget-heading .elementor-heading-title.elementor-size-large{font-size:29px}.elementor-widget-heading .elementor-heading-title.elementor-size-xl{font-size:39px}.elementor-widget-heading .elementor-heading-title.elementor-size-xxl{font-size:59px}<\/style><h2 class=\"elementor-heading-title elementor-size-default\">Szegedi 10.000 nyugd\u00edjas 10.000 l\u00e9p\u00e9se <\/h2>\t\t<\/div>\n\t\t\t\t<\/div>\n\t\t\t\t\t<\/div>\n\t\t<\/div>\n\t\t\t\t\t\t\t<\/div>\n\t\t<\/section>\n\t\t\t\t<section class=\"elementor-section elementor-top-section elementor-element elementor-element-759e33d elementor-section-full_width elementor-section-height-default elementor-section-height-default\" data-id=\"759e33d\" data-element_type=\"section\">\n\t\t\t\t\t\t<div class=\"elementor-container elementor-column-gap-default\">\n\t\t\t\t\t<div class=\"elementor-column elementor-col-100 elementor-top-column elementor-element elementor-element-6242a1c\" data-id=\"6242a1c\" data-element_type=\"column\">\n\t\t\t<div class=\"elementor-widget-wrap elementor-element-populated\">\n\t\t\t\t\t\t\t\t<div class=\"elementor-element elementor-element-7817ea4 elementor-widget elementor-widget-text-editor\" data-id=\"7817ea4\" data-element_type=\"widget\" data-widget_type=\"text-editor.default\">\n\t\t\t\t<div class=\"elementor-widget-container\">\n\t\t\t<style>\/*! elementor - v3.6.1 - 23-03-2022 *\/\n.elementor-widget-text-editor.elementor-drop-cap-view-stacked .elementor-drop-cap{background-color:#818a91;color:#fff}.elementor-widget-text-editor.elementor-drop-cap-view-framed .elementor-drop-cap{color:#818a91;border:3px solid;background-color:transparent}.elementor-widget-text-editor:not(.elementor-drop-cap-view-default) .elementor-drop-cap{margin-top:8px}.elementor-widget-text-editor:not(.elementor-drop-cap-view-default) .elementor-drop-cap-letter{width:1em;height:1em}.elementor-widget-text-editor .elementor-drop-cap{float:left;text-align:center;line-height:1;font-size:50px}.elementor-widget-text-editor .elementor-drop-cap-letter{display:inline-block}<\/style>\t\t\t\t<h5><strong>Az Id\u0151s\u00fcgyi Nemzeti Strat\u00e9gia a 2009 \u2013es korm\u00e1ny hat\u00e1rozat kiv\u00e1l\u00f3 kezdem\u00e9nyez\u00e9se alapj\u00e1n<\/strong><br \/><strong>l\u00e9trej\u00f6tt Szeged V\u00e1ros Id\u0151s\u00fcgyi Tan\u00e1csa \u00e9s az Id\u0151sek K\u00f6z\u00f6ss\u00e9gi K\u00f6zpontja, a Senior Center (\u00e9l\u00e9n a<\/strong><br \/><strong>sz\u00edv\u00e9t, lelk\u00e9t a k\u00f6z\u00f6ss\u00e9gnek ad\u00f3 Id\u0151s\u00fcgyi referens\u00fcnkkel) sok-sok programmal, aj\u00e1nd\u00e9k csomagokkal<\/strong><br \/><strong>\u00f6nkorm\u00e1nyzati p\u00e1ly\u00e1zati t\u00e1mogat\u00e1sokkal teszi szebb\u00e9 , vid\u00e1mm\u00e1 id\u0151s korunkat.<\/strong><\/h5><p><strong>Nagy \u00f6r\u00f6m\u00fcnkre szolg\u00e1l, hogy a Senior Centerben az Id\u0151sek K\u00f6z\u00f6ss\u00e9gi K\u00f6zpontj\u00e1ban tarthatja t\u00f6bb,<\/strong><br \/><strong>mint 60 Klub a rendszeres \u00f6sszej\u00f6veteleit \u00e9s, hogy egy\u00fctt lehet\u00fcnk a Senior Center \u00e1ltal szervezett<\/strong><br \/><strong>programokon, a Tavaszi forgatagon \u00e9s Hal\u00e1szl\u00e9 fesztiv\u00e1lon a Partf\u00fcrd\u0151n, az Id\u0151sek Vil\u00e1gnapj\u00e1n egy\u00fctt<\/strong><br \/><strong>\u00fcnnepelj\u00fck a kit\u00fcntetettjeinket, Klubjainkkal r\u00e9szt vesz\u00fcnk a V\u00e1rosh\u00e1zi est\u00e9k kit\u0171n\u0151 el\u0151ad\u00e1sain is, de<\/strong><br \/><strong>az Id\u0151s\u00fcgyi b\u00e1lak , Zen\u00e9s est\u00e9k is sz\u00ednes\u00edtik \u00e9let\u00fcnket.<\/strong><\/p><p><strong>A Klubjaink az id\u0151s\u00f6d\u0151, az id\u0151s nyugd\u00edjasok, szuver\u00e9n, szabad embereinek \u00f6nk\u00e9ntes t\u00e1rsul\u00e1sai !<\/strong><\/p><p><strong>Szegeden t\u00f6bb, mint 10.000-en vagyunk ebben a nagy , bar\u00e1ti, szeretettel teljes k\u00f6z\u00f6ss\u00e9gben!<\/strong><\/p><p><strong>A Klubok szervez\u0151dtek az egykori akt\u00edv \u201epost\u00e1sok\u201d, atl\u00e9t\u00e1k, katona Bajt\u00e1rsak, Iskola \u00e9s egy\u00e9b<\/strong><br \/><strong>igazgat\u00f3k, tan\u00e1rok, eg\u00e9szs\u00e9g\u00fcgyi dolgoz\u00f3k,de vannak v\u00e1rosr\u00e9szi alapon szervez\u0151d\u0151 Klubok<\/strong><br \/><strong>(Fels\u0151v\u00e1rosi , Sz\u0151regi, B\u00e9csi k\u00f6r\u00fati .) van a diabeteszeseknek, a mozg\u00e1skorl\u00e1tozottaknak k\u00f6z\u00f6ss\u00e9ge.<\/strong><\/p><p><strong>T\u00f6rv\u00e9nyben foglalt lehet\u0151s\u00e9g\u00fcnk, hogy k\u00f6z\u00f6ss\u00e9geinket szervezetten, hivatalosan a B\u00edr\u00f3s\u00e1g a Civil<\/strong><br \/><strong>szervezetekn\u00e9l (Egyes\u00fcletek) tartsa nyilv\u00e1n. <\/strong><\/p><p><strong>A Szegedi \u00d6nkorm\u00e1nyzat t\u00e1mogat\u00e1saib\u00f3l Klubjainkkal kir\u00e1ndul\u00e1sokat, sportrendezv\u00e9nyeket \u00e9s minket<\/strong><br \/><strong>\u00e9rdekl\u0151 kultur\u00e1lis programokat val\u00f3s\u00edtunk meg. <\/strong><\/p><p><strong>Az Id\u0151s\u00fcgyi Strat\u00e9gia ir\u00e1nymutat\u00e1sa alapj\u00e1n szervezi meg rendszeresen az ID\u0150SEK AKAD\u00c9MI\u00c1J\u00c1T a<\/strong><br \/><strong>Szegedi Senior Center Vezet\u0151s\u00e9ge. <\/strong><\/p><p><strong>Kiv\u00e1l\u00f3 el\u0151ad\u00f3kat hallgatunk meg a benn\u00fcnket \u00e9rdekl\u0151, \u00e9rint\u0151 t\u00e9m\u00e1kban a zs\u00fafol\u00e1sig megt\u00f6lt\u00f6tt a<\/strong><br \/><strong>Center\u00fcnkben. Igy kiemelt figyelmet ford\u00edt az el\u0151ad\u00e1st szervez\u0151 az Id\u0151s\u00fcgyi Strat\u00e9gia Cselekv\u00e9si terve<\/strong><br \/><strong>ment\u00e9n, az id\u0151sek \u201ebiztons\u00e1g\u00e1ra , a megfelel\u0151 \u00e9letmin\u0151s\u00e9g\u00fcnk, eg\u00e9szs\u00e9g\u00fcnk meg\u0151rz\u00e9s\u00e9re, a<\/strong><br \/><strong>betegs\u00e9gek kock\u00e1zat\u00e1nak alacsonyan tart\u00e1s\u00e1ra ir\u00e1nyul\u00f3 el\u0151ad\u00e1sok megtart\u00e1s\u00e1ra ,az \u00e9let\u00f6r\u00f6m<\/strong><br \/><strong>szerz\u00e9s m\u00f3dj\u00e1nak eszk\u00f6zeinek bemutat\u00e1s\u00e1ra. <\/strong><\/p><p><strong>A mi nyugd\u00edjas \u00e9let\u00fcnk nagyon fontos r\u00e9sz\u00e9vel a nyugd\u00edjunk m\u00e9rt\u00e9k\u00e9vel, a korm\u00e1nyok \u00e1ltali<\/strong><br \/><strong>emel\u00e9s\u00e9nek-nem emel\u00e9s\u00e9nek mi\u00e9rtjeivel, \u00e9s persze sokunkat \u00e9rint\u0151, a szoci\u00e1lis \u00e9s emberi \u00e9letekre<\/strong><br \/><strong>figyel\u0151 egykori korm\u00e1ny \u00f6zvegyi nyugd\u00edj\u00e1nak megbecs\u00fcl\u00e9s\u00e9re, de majdani emel\u00e9s\u00e9re is inspir\u00e1lva<\/strong><br \/><strong>hallgatjuk meg a nyugd\u00edj szak\u00e9rt\u0151k el\u0151ad\u00e1sait. De sajnos a gyerekeink nyugd\u00edj megtakar\u00edt\u00e1sainak<\/strong><br \/><strong>mag\u00e1ntulajdonb\u00f3l \u00e1llami tulajdonba v\u00e9tel\u00e9t s\u00e9relmez\u0151 k\u00e9rd\u00e9seink is nagyon-nagyon sokszor<\/strong><br \/><strong>felmer\u00fclnek. Mi\u00e9rt-mi\u00e9rt csin\u00e1lt\u00e1k?? Nagy h\u00e1tr\u00e1ny \u00e9rte gyerekeinket , mint a j\u00f6v\u0151 nyugd\u00edjasait. <\/strong><\/p><p><strong>A sz\u00e1m\u00edt\u00f3g\u00e9p ismeretek tanfolyam\u00e1t is kedv\u00fcnkre, az \u201e\u00e9lethosszig tart\u00f3 tanul\u00e1s \u00e9s a t\u00e1rsadalomban<\/strong><br \/><strong>val\u00f3 r\u00e9szv\u00e9teli aktivit\u00e1sunk fokoz\u00e1sa c\u00e9lj\u00e1b\u00f3l<\/strong><br \/><strong>szervezik.<\/strong><br \/><strong>Arra t\u00f6rekszik Szeged v\u00e1ros \u00d6nkorm\u00e1nyzata , Id\u0151s\u00fcgyi Tan\u00e1csa, a Senior Center vezet\u0151s\u00e9ge,hogy az<\/strong><br \/><strong>egykori korm\u00e1ny kezdem\u00e9nyez\u00e9s alapj\u00e1n a Szegeden kiv\u00e1l\u00f3an alkalmazott Id\u0151s\u00fcgyi Strat\u00e9gia<\/strong><br \/><strong>tov\u00e1bbra is, \u00f6r\u00f6m\u00fcnkre, j\u00f3l val\u00f3suljon meg, c\u00e9ljaink el\u00e9r\u00e9s\u00e9t p\u00e1ly\u00e1zati forr\u00e1sok \u00fatj\u00e1n \u00e9s egy\u00e9b eddigi<\/strong><br \/><strong>m\u00f3don t\u00e1mogassa.<\/strong><\/p><p><strong>C\u00e9lunk,hogy az Id\u0151s\u00fcgyi Nemzeti Strat\u00e9gi\u00e1t, a 2009-ben kidolgozott Korm\u00e1nyprogramot orsz\u00e1gosan ,<\/strong><br \/><strong>fel\u00e9lessz\u00fck \u00e9s azt Szeged V\u00e1ros \u00e1ltal ny\u00fajtott gondoskod\u00e1s, mint\u00e1j\u00e1ra \u00e1llami szinten is visszahozzuk,<\/strong><br \/><strong>a nyugd\u00edjasokra ford\u00edtott figyelem \u00fajra\u00e9ledjen korm\u00e1ny szinten!! <\/strong><\/p><p><strong>Gyerekeink nagy \u00f6r\u00f6mmel l\u00e1tj\u00e1k, hogy id\u0151s korunkban \u201enyuggerk\u00e9nt\u201d j\u00f3l \u00e9rezz\u00fck magunkat a bar\u00e1tok<\/strong><br \/><strong>k\u00f6z\u00f6tt, a j\u00f3 k\u00f6z\u00f6ss\u00e9gekben!! Ahol tudnak \u00e9s sz\u00fcks\u00e9ges ott seg\u00edtenek benn\u00fcnket mindennapi<\/strong><br \/><strong>\u00e9let\u00fcnkre figyelve.<\/strong><\/p><p><strong>A h\u0151n szeretett Szeged\u00fcnk t\u00f6rt\u00e9nelm\u00e9t, \u00e9p\u00edt\u00e9szeti, r\u00e9gi \u00e9s \u00faj kincseit tematikus s\u00e9t\u00e1ink sor\u00e1n , az<\/strong><br \/><strong>eg\u00e9szs\u00e9ges \u00e9letm\u00f3d szem el\u0151tt tart\u00e1s\u00e1val 10.000 l\u00e9p\u00e9sben ismerj\u00fck meg \u00fajb\u00f3l \u00e9s \u00fajb\u00f3l.!!<\/strong><\/p><p><strong>C\u00e9lunk, hogy rajtunk, nyugd\u00edjasokon kereszt\u00fcl min\u00e9l t\u00f6bben ismerj\u00e9k meg Szeged t\u00f6rt\u00e9nelmi m\u00faltj\u00e1t,<\/strong><br \/><strong>B\u00fcszk\u00e9k vagyunk arra a hatalmas fejl\u0151d\u00e9sre amelyet, szeg\u00e9ny h\u00e1nyatott sors\u00fa v\u00e1rosunk a h\u00e1bor\u00fa<\/strong><br \/><strong>majd a rendszerv\u00e1lt\u00e1s ut\u00e1n el\u00e9rt , a saj\u00e1t eredm\u00e9nyei, a lakoss\u00e1g munk\u00e1ja, az UNIO-s t\u00e1mogat\u00e1sok<\/strong><br \/><strong>j\u00f3 felhaszn\u00e1l\u00e1sa \u00e9s a lakosai saj\u00e1t munk\u00e1ja r\u00e9v\u00e9n el\u00e9rt<\/strong><\/p><p><strong>Mi, \u201enyuggerek\u201d m\u00e9g ahhoz a gener\u00e1ci\u00f3hoz tartozunk, akiknek a panel lak\u00e1sok birtokba, tulajdonba<\/strong><br \/><strong>v\u00e9tele volt \u00e9let\u00fcnk gy\u00f6ny\u00f6r\u0171 \u00e9letszakasza. Benn\u00fck a lak\u00f3telepi, vid\u00e1m, fiatal \u00e9veinket \u00e9lhett\u00fcnk. A<\/strong><br \/><strong>rendszerv\u00e1lt\u00e1s sikere ut\u00e1n az UNIOS t\u00e1mogat\u00e1sok elnyer\u00e9se r\u00e9v\u00e9n 2007-t\u0151l a j\u00f3<\/strong><br \/><strong>korm\u00e1nyprogramnak \u00e9s \u00f6nkorm\u00e1nyzatunk t\u00e1mogat\u00e1s\u00e1nak k\u00f6sz\u00f6nhet\u0151en a panel fel\u00faj\u00edt\u00e1s hasznos \u00e9s<\/strong><br \/><strong>k\u00f6rnyezet-p\u00e9nzt\u00e1rca sp\u00f3rol\u00f3 akci\u00f3inak \u00f6r\u00fclt\u00fcnk!! A vil\u00e1gv\u00e1ls\u00e1g ut\u00e1n ezt az \u00e1llampolg\u00e1roknak ny\u00fajtott<\/strong><br \/><strong>kiv\u00e1l\u00f3 seg\u00edts\u00e9get, az \u00e1llamon kereszt\u00fcl j\u00f6v\u0151 UNIOS p\u00e9nzeket le\u00e1ll\u00edtotta a 2010 ut\u00e1n regn\u00e1l\u00f3<\/strong><br \/><strong>korm\u00e1ny!!! <\/strong><\/p><p><strong>Mi \u201epanelprolik\u201d (de m\u00e1r a gyerekeink is panelban sz\u00fclettek) azt fogjuk megval\u00f3s\u00edtani<\/strong><br \/><strong>k\u00e9pvisel\u0151inken kereszt\u00fcl, hogy \u00fajb\u00f3l t\u00e1mogassa az aktu\u00e1lis korm\u00e1ny a \u201epanel\u201d programot UNIOS<\/strong><br \/><strong>p\u00e9nzb\u0151l a teljes k\u00f6lts\u00e9get!!<\/strong><\/p><p><strong>Ezt a sz\u00e9p kor\u00faak, sz\u00e9p \u00e9let\u00e9t bemutat\u00f3 gondolatsort , a t\u00f6bb, mint 10 000 szegedi nyugd\u00edjasnak<\/strong><br \/><strong>egy kis csoportja a \u201e10 000 l\u00e9p\u00e9s az eg\u00e9szs\u00e9g\u00fcnk\u00e9rt programunk\u201d a D\u00d3M t\u00e9r Panteonj\u00e1ban tett<\/strong><br \/><strong>s\u00e9t\u00e1nk \u00e9s nagyjaink, t\u00f6rt\u00e9nelm\u00fcnk felid\u00e9z\u00e9se ut\u00e1n vetett\u00fck pap\u00edrra.<\/strong><\/p><p><strong>A Szegedi Id\u0151sek K\u00f6z\u00f6ss\u00e9gi K\u00f6zpontja (Senior Center) honlapj\u00e1n Klubjaink nyilv\u00e1ntart\u00e1sa<\/strong><\/p><p><strong>Most 2.000 l\u00e9p\u00e9st tett\u00fcnk meg, de folytatjuk . <\/strong><\/p><p><strong>Legk\u00f6zelebb a term\u00e9szetben s\u00e9t\u00e1lunk, sportosan.<\/strong><\/p><p><strong>A t\u00f6lt\u00e9s oldalon elgyalogolunk a leg\u00fajabb (2010-ben k\u00e9sz volt) Szeged belv\u00e1ros\u00e1t a nagy kamion \u00e9s<\/strong><br \/><strong>aut\u00f3forgalomt\u00f3l mentes\u00edt\u0151, gy\u00f6ny\u00f6r\u0171 sodrony Hidunkhoz, a M\u00f3ra H\u00eddhoz, amelyen megy az<\/strong><br \/><strong>aut\u00f3p\u00e1lya Mak\u00f3-Nagylak fel\u00e9. Majd a T\u00e1p\u00e9i cs\u00e1rd\u00e1ban az elvesztett kal\u00f3ri\u00e1inkat p\u00f3toljuk!!<\/strong><\/p><p><strong>Egy\u00fctt eg\u00e9szs\u00e9gesen, szeretetben, bar\u00e1ts\u00e1gban!!<\/strong><\/p>\t\t\t\t\t\t<\/div>\n\t\t\t\t<\/div>\n\t\t\t\t\t<\/div>\n\t\t<\/div>\n\t\t\t\t\t\t\t<\/div>\n\t\t<\/section>\n\t\t\t\t\t\t\t<\/div>\n\t\t","protected":false},"excerpt":{"rendered":"<p>Szegedi 10.000 nyugd\u00edjas 10.000 l\u00e9p\u00e9se Az Id\u0151s\u00fcgyi Nemzeti Strat\u00e9gia a 2009 \u2013es korm\u00e1ny hat\u00e1rozat kiv\u00e1l\u00f3 kezdem\u00e9nyez\u00e9se alapj\u00e1nl\u00e9trej\u00f6tt Szeged V\u00e1ros Id\u0151s\u00fcgyi Tan\u00e1csa \u00e9s az Id\u0151sek K\u00f6z\u00f6ss\u00e9gi K\u00f6zpontja, a Senior Center (\u00e9l\u00e9n asz\u00edv\u00e9t, lelk\u00e9t a k\u00f6z\u00f6ss\u00e9gnek ad\u00f3 Id\u0151s\u00fcgyi referens\u00fcnkkel) sok-sok programmal, aj\u00e1nd\u00e9k csomagokkal\u00f6nkorm\u00e1nyzati p\u00e1ly\u00e1zati t\u00e1mogat\u00e1sokkal teszi szebb\u00e9 , vid\u00e1mm\u00e1 id\u0151s korunkat. Nagy \u00f6r\u00f6m\u00fcnkre szolg\u00e1l, hogy a Senior [&hellip;]<\/p>\n","protected":false},"author":4,"featured_media":0,"comment_status":"open","ping_status":"open","sticky":false,"template":"","format":"standard","meta":{"footnotes":""},"categories":[9],"tags":[],"class_list":["post-2774","post","type-post","status-publish","format-standard","hentry","category-cikk"],"_links":{"self":[{"href":"https:\/\/seniorcenter.hu\/index.php?rest_route=\/wp\/v2\/posts\/2774","targetHints":{"allow":["GET"]}}],"collection":[{"href":"https:\/\/seniorcenter.hu\/index.php?rest_route=\/wp\/v2\/posts"}],"about":[{"href":"https:\/\/seniorcenter.hu\/index.php?rest_route=\/wp\/v2\/types\/post"}],"author":[{"embeddable":true,"href":"https:\/\/seniorcenter.hu\/index.php?rest_route=\/wp\/v2\/users\/4"}],"replies":[{"embeddable":true,"href":"https:\/\/seniorcenter.hu\/index.php?rest_route=%2Fwp%2Fv2%2Fcomments&post=2774"}],"version-history":[{"count":11,"href":"https:\/\/seniorcenter.hu\/index.php?rest_route=\/wp\/v2\/posts\/2774\/revisions"}],"predecessor-version":[{"id":2785,"href":"https:\/\/seniorcenter.hu\/index.php?rest_route=\/wp\/v2\/posts\/2774\/revisions\/2785"}],"wp:attachment":[{"href":"https:\/\/seniorcenter.hu\/index.php?rest_route=%2Fwp%2Fv2%2Fmedia&parent=2774"}],"wp:term":[{"taxonomy":"category","embeddable":true,"href":"https:\/\/seniorcenter.hu\/index.php?rest_route=%2Fwp%2Fv2%2Fcategories&post=2774"},{"taxonomy":"post_tag","embeddable":true,"href":"https:\/\/seniorcenter.hu\/index.php?rest_route=%2Fwp%2Fv2%2Ftags&post=2774"}],"curies":[{"name":"wp","href":"https:\/\/api.w.org\/{rel}","templated":true}]}}