{"id":2329,"date":"2021-10-11T16:34:19","date_gmt":"2021-10-11T16:34:19","guid":{"rendered":"https:\/\/seniorcenter.hu\/?p=2329"},"modified":"2021-10-11T16:37:33","modified_gmt":"2021-10-11T16:37:33","slug":"karacsonyfat-allitottak-a-szegedi-senior-centerben","status":"publish","type":"post","link":"https:\/\/seniorcenter.hu\/?p=2329","title":{"rendered":"Kar\u00e1csonyf\u00e1t \u00e1ll\u00edtottak a szegedi Senior Centerben"},"content":{"rendered":"\n<h2 class=\"wp-block-heading\">Kar\u00e1csonyf\u00e1t \u00e1ll\u00edtottak a szegedi Senior Centerben<\/h2>\n\n\n\n<p>Hossz\u00fa \u00e9vek hagyom\u00e1nya, hogy a k\u00f6zel hatvan szegedi nyugd\u00edjas klubot \u00f6sszefog\u00f3 Senior Centerben december els\u0151 het\u00e9nek v\u00e9g\u00e9n kar\u00e1csonyf\u00e1t \u00e1ll\u00edtanak. Az \u00fcnneps\u00e9gre \u00e9rkez\u0151 id\u0151seket Szab\u00f3 S\u00e1ndor orsz\u00e1ggy\u0171l\u00e9si k\u00e9pvisel\u0151 k\u00f6sz\u00f6nt\u00f6tte.<\/p>\n\n\n\n<p><a href=\"https:\/\/szeged.hu\/hirek\/32007\/karacsonyfat-allitottak-a-szegedi-senior-centerben\">Tov\u00e1bb a cikkhez<\/a><\/p>\n","protected":false},"excerpt":{"rendered":"<p>Kar\u00e1csonyf\u00e1t \u00e1ll\u00edtottak a szegedi Senior Centerben Hossz\u00fa \u00e9vek hagyom\u00e1nya, hogy a k\u00f6zel hatvan szegedi nyugd\u00edjas klubot \u00f6sszefog\u00f3 Senior Centerben december els\u0151 het\u00e9nek v\u00e9g\u00e9n kar\u00e1csonyf\u00e1t \u00e1ll\u00edtanak. Az \u00fcnneps\u00e9gre \u00e9rkez\u0151 id\u0151seket Szab\u00f3 S\u00e1ndor orsz\u00e1ggy\u0171l\u00e9si k\u00e9pvisel\u0151 k\u00f6sz\u00f6nt\u00f6tte. Tov\u00e1bb a cikkhez<\/p>\n","protected":false},"author":1,"featured_media":0,"comment_status":"open","ping_status":"open","sticky":false,"template":"","format":"standard","meta":{"footnotes":""},"categories":[9],"tags":[],"class_list":["post-2329","post","type-post","status-publish","format-standard","hentry","category-cikk"],"_links":{"self":[{"href":"https:\/\/seniorcenter.hu\/index.php?rest_route=\/wp\/v2\/posts\/2329","targetHints":{"allow":["GET"]}}],"collection":[{"href":"https:\/\/seniorcenter.hu\/index.php?rest_route=\/wp\/v2\/posts"}],"about":[{"href":"https:\/\/seniorcenter.hu\/index.php?rest_route=\/wp\/v2\/types\/post"}],"author":[{"embeddable":true,"href":"https:\/\/seniorcenter.hu\/index.php?rest_route=\/wp\/v2\/users\/1"}],"replies":[{"embeddable":true,"href":"https:\/\/seniorcenter.hu\/index.php?rest_route=%2Fwp%2Fv2%2Fcomments&post=2329"}],"version-history":[{"count":1,"href":"https:\/\/seniorcenter.hu\/index.php?rest_route=\/wp\/v2\/posts\/2329\/revisions"}],"predecessor-version":[{"id":2330,"href":"https:\/\/seniorcenter.hu\/index.php?rest_route=\/wp\/v2\/posts\/2329\/revisions\/2330"}],"wp:attachment":[{"href":"https:\/\/seniorcenter.hu\/index.php?rest_route=%2Fwp%2Fv2%2Fmedia&parent=2329"}],"wp:term":[{"taxonomy":"category","embeddable":true,"href":"https:\/\/seniorcenter.hu\/index.php?rest_route=%2Fwp%2Fv2%2Fcategories&post=2329"},{"taxonomy":"post_tag","embeddable":true,"href":"https:\/\/seniorcenter.hu\/index.php?rest_route=%2Fwp%2Fv2%2Ftags&post=2329"}],"curies":[{"name":"wp","href":"https:\/\/api.w.org\/{rel}","templated":true}]}}