{"id":2317,"date":"2021-10-11T16:27:09","date_gmt":"2021-10-11T16:27:09","guid":{"rendered":"https:\/\/seniorcenter.hu\/?p=2317"},"modified":"2021-10-13T18:37:28","modified_gmt":"2021-10-13T18:37:28","slug":"az-idosek-vilagnapjan-botka-laszlo-koszontotte-a-szegedi-nyugdijasokat","status":"publish","type":"post","link":"https:\/\/seniorcenter.hu\/?p=2317","title":{"rendered":"Az Id\u0151sek vil\u00e1gnapj\u00e1n Botka L\u00e1szl\u00f3 k\u00f6sz\u00f6nt\u00f6tte a szegedi nyugd\u00edjasokat"},"content":{"rendered":"\n<h2 class=\"wp-block-heading\">Az Id\u0151sek vil\u00e1gnapj\u00e1n Botka L\u00e1szl\u00f3 k\u00f6sz\u00f6nt\u00f6tte a szegedi nyugd\u00edjasokat<\/h2>\n\n\n\n<p>Zs\u00fafol\u00e1sig megtelt a Szegedi Nemzeti Sz\u00ednh\u00e1z n\u00e9z\u0151tere kedd d\u00e9lut\u00e1n: t\u00f6bb mint hetven nyugd\u00edjas szervezet tagjai g\u00e1lam\u0171sorral \u00fcnnepelt\u00e9k az Id\u0151sek vil\u00e1gnapj\u00e1t. Az id\u0151seket t\u00f6bb mint k\u00e9t \u00e9s f\u00e9l \u00e9vtizede, 1991 \u00f3ta k\u00f6sz\u00f6ntj\u00fck okt\u00f3ber elej\u00e9n.<\/p>\n\n\n\n<p><a href=\"https:\/\/szeged.hu\/hirek\/30892\/az-idosek-vilagnapjan-botka-laszlo-koszontotte-a-szegedi-nyugdijasokat\">Tov\u00e1bb a c\u00edkkhez<\/a><\/p>\n","protected":false},"excerpt":{"rendered":"<p>Az Id\u0151sek vil\u00e1gnapj\u00e1n Botka L\u00e1szl\u00f3 k\u00f6sz\u00f6nt\u00f6tte a szegedi nyugd\u00edjasokat Zs\u00fafol\u00e1sig megtelt a Szegedi Nemzeti Sz\u00ednh\u00e1z n\u00e9z\u0151tere kedd d\u00e9lut\u00e1n: t\u00f6bb mint hetven nyugd\u00edjas szervezet tagjai g\u00e1lam\u0171sorral \u00fcnnepelt\u00e9k az Id\u0151sek vil\u00e1gnapj\u00e1t. Az id\u0151seket t\u00f6bb mint k\u00e9t \u00e9s f\u00e9l \u00e9vtizede, 1991 \u00f3ta k\u00f6sz\u00f6ntj\u00fck okt\u00f3ber elej\u00e9n. Tov\u00e1bb a c\u00edkkhez<\/p>\n","protected":false},"author":1,"featured_media":0,"comment_status":"open","ping_status":"open","sticky":false,"template":"","format":"standard","meta":{"footnotes":""},"categories":[9],"tags":[],"class_list":["post-2317","post","type-post","status-publish","format-standard","hentry","category-cikk"],"_links":{"self":[{"href":"https:\/\/seniorcenter.hu\/index.php?rest_route=\/wp\/v2\/posts\/2317","targetHints":{"allow":["GET"]}}],"collection":[{"href":"https:\/\/seniorcenter.hu\/index.php?rest_route=\/wp\/v2\/posts"}],"about":[{"href":"https:\/\/seniorcenter.hu\/index.php?rest_route=\/wp\/v2\/types\/post"}],"author":[{"embeddable":true,"href":"https:\/\/seniorcenter.hu\/index.php?rest_route=\/wp\/v2\/users\/1"}],"replies":[{"embeddable":true,"href":"https:\/\/seniorcenter.hu\/index.php?rest_route=%2Fwp%2Fv2%2Fcomments&post=2317"}],"version-history":[{"count":5,"href":"https:\/\/seniorcenter.hu\/index.php?rest_route=\/wp\/v2\/posts\/2317\/revisions"}],"predecessor-version":[{"id":2473,"href":"https:\/\/seniorcenter.hu\/index.php?rest_route=\/wp\/v2\/posts\/2317\/revisions\/2473"}],"wp:attachment":[{"href":"https:\/\/seniorcenter.hu\/index.php?rest_route=%2Fwp%2Fv2%2Fmedia&parent=2317"}],"wp:term":[{"taxonomy":"category","embeddable":true,"href":"https:\/\/seniorcenter.hu\/index.php?rest_route=%2Fwp%2Fv2%2Fcategories&post=2317"},{"taxonomy":"post_tag","embeddable":true,"href":"https:\/\/seniorcenter.hu\/index.php?rest_route=%2Fwp%2Fv2%2Ftags&post=2317"}],"curies":[{"name":"wp","href":"https:\/\/api.w.org\/{rel}","templated":true}]}}